{"id":405,"date":"2019-11-25T19:44:12","date_gmt":"2019-11-25T19:44:12","guid":{"rendered":"http:\/\/wandering.eu\/?p=405"},"modified":"2019-11-25T19:44:12","modified_gmt":"2019-11-25T19:44:12","slug":"hiking-yoga","status":"publish","type":"post","link":"https:\/\/wandering.eu\/de\/2019\/11\/25\/hiking-yoga\/","title":{"rendered":"Wandern &#038; Yoga"},"content":{"rendered":"<p>Vielen Danke an die fantastische Gruppe die mitgewandert sind in der Sahara, <a href=\"http:\/\/amandabeugeling.com\">Amanda Beugeling<\/a> f\u00fcr die perfecte Zusammenarbeitung. Es war eine vielf\u00e4ltige und besondere Erfahrung.<\/p>\n<p>Einige Eindr\u00fccke der Reise danke an <a href=\"http:\/\/www.maaikefransen.com\/\">Maaike Fransen.<\/a><\/p>\n<p><a href=\"http:\/\/wandering.eu\/wp-content\/uploads\/2019\/11\/IMG_3767.jpg\"><img decoding=\"async\" loading=\"lazy\" class=\"wp-image-403 aligncenter\" src=\"http:\/\/wandering.eu\/wp-content\/uploads\/2019\/11\/IMG_3767-300x200.jpg\" alt=\"\" width=\"410\" height=\"273\" srcset=\"https:\/\/wandering.eu\/wp-content\/uploads\/2019\/11\/IMG_3767-300x200.jpg 300w, https:\/\/wandering.eu\/wp-content\/uploads\/2019\/11\/IMG_3767-768x512.jpg 768w, https:\/\/wandering.eu\/wp-content\/uploads\/2019\/11\/IMG_3767-1024x683.jpg 1024w\" sizes=\"(max-width: 410px) 100vw, 410px\" \/><\/a><\/p>\n<p><a href=\"http:\/\/wandering.eu\/wp-content\/uploads\/2019\/11\/IMG_3258.jpg\"><img decoding=\"async\" loading=\"lazy\" class=\"wp-image-401 aligncenter\" src=\"http:\/\/wandering.eu\/wp-content\/uploads\/2019\/11\/IMG_3258-300x200.jpg\" alt=\"\" width=\"412\" height=\"274\" srcset=\"https:\/\/wandering.eu\/wp-content\/uploads\/2019\/11\/IMG_3258-300x200.jpg 300w, https:\/\/wandering.eu\/wp-content\/uploads\/2019\/11\/IMG_3258-768x512.jpg 768w, https:\/\/wandering.eu\/wp-content\/uploads\/2019\/11\/IMG_3258-1024x683.jpg 1024w\" sizes=\"(max-width: 412px) 100vw, 412px\" \/><\/a><\/p>\n<p><a href=\"http:\/\/wandering.eu\/wp-content\/uploads\/2019\/11\/IMG_2734.jpg\"><img decoding=\"async\" loading=\"lazy\" class=\"wp-image-409 aligncenter\" src=\"http:\/\/wandering.eu\/wp-content\/uploads\/2019\/11\/IMG_2734-300x200.jpg\" alt=\"\" width=\"411\" height=\"274\" srcset=\"https:\/\/wandering.eu\/wp-content\/uploads\/2019\/11\/IMG_2734-300x200.jpg 300w, https:\/\/wandering.eu\/wp-content\/uploads\/2019\/11\/IMG_2734-768x512.jpg 768w, https:\/\/wandering.eu\/wp-content\/uploads\/2019\/11\/IMG_2734-1024x683.jpg 1024w\" sizes=\"(max-width: 411px) 100vw, 411px\" \/><\/a><\/p>\n<p><a href=\"http:\/\/wandering.eu\/wp-content\/uploads\/2019\/11\/MG_4950.jpg\"><img decoding=\"async\" loading=\"lazy\" class=\"wp-image-408 aligncenter\" src=\"http:\/\/wandering.eu\/wp-content\/uploads\/2019\/11\/MG_4950-300x200.jpg\" alt=\"\" width=\"411\" height=\"274\" srcset=\"https:\/\/wandering.eu\/wp-content\/uploads\/2019\/11\/MG_4950-300x200.jpg 300w, https:\/\/wandering.eu\/wp-content\/uploads\/2019\/11\/MG_4950-768x512.jpg 768w, https:\/\/wandering.eu\/wp-content\/uploads\/2019\/11\/MG_4950-1024x683.jpg 1024w\" sizes=\"(max-width: 411px) 100vw, 411px\" \/><\/a><\/p>\n<p><a href=\"http:\/\/wandering.eu\/wp-content\/uploads\/2019\/11\/IMG_3397.jpg\"><img decoding=\"async\" loading=\"lazy\" class=\"wp-image-402 aligncenter\" src=\"http:\/\/wandering.eu\/wp-content\/uploads\/2019\/11\/IMG_3397-300x200.jpg\" alt=\"\" width=\"411\" height=\"274\" srcset=\"https:\/\/wandering.eu\/wp-content\/uploads\/2019\/11\/IMG_3397-300x200.jpg 300w, https:\/\/wandering.eu\/wp-content\/uploads\/2019\/11\/IMG_3397-768x512.jpg 768w, https:\/\/wandering.eu\/wp-content\/uploads\/2019\/11\/IMG_3397-1024x683.jpg 1024w\" sizes=\"(max-width: 411px) 100vw, 411px\" \/><\/a><\/p>\n<p>Neugierig wie der Marokkanische W\u00fcste sonnst ausseht? Von der 20. bis 29. M\u00e4rz machen wir die Reise nochmal!<\/p>\n<p>Weitere infos finden Sie <a href=\"https:\/\/amandabeugeling.com\/sahara-retreat\/\">hier.<\/a><\/p>","protected":false},"excerpt":{"rendered":"<p>Vielen Danke an die fantastische Gruppe die mitgewandert sind in der Sahara, Amanda Beugeling f\u00fcr die perfecte Zusammenarbeitung. Es war eine vielf\u00e4ltige und besondere Erfahrung. Einige Eindr\u00fccke der Reise danke an Maaike Fransen. Neugierig wie der Marokkanische W\u00fcste sonnst ausseht? Von der 20. bis 29. M\u00e4rz machen wir die Reise nochmal! Weitere infos finden Sie &hellip; <a href=\"https:\/\/wandering.eu\/de\/2019\/11\/25\/hiking-yoga\/\" class=\"more-link\"><span class=\"screen-reader-text\">Wandern &#038; Yoga<\/span> weiterlesen <span class=\"meta-nav\">&rarr;<\/span><\/a><\/p>\n","protected":false},"author":1,"featured_media":0,"comment_status":"open","ping_status":"open","sticky":false,"template":"","format":"standard","meta":[],"categories":[1],"tags":[],"_links":{"self":[{"href":"https:\/\/wandering.eu\/de\/wp-json\/wp\/v2\/posts\/405"}],"collection":[{"href":"https:\/\/wandering.eu\/de\/wp-json\/wp\/v2\/posts"}],"about":[{"href":"https:\/\/wandering.eu\/de\/wp-json\/wp\/v2\/types\/post"}],"author":[{"embeddable":true,"href":"https:\/\/wandering.eu\/de\/wp-json\/wp\/v2\/users\/1"}],"replies":[{"embeddable":true,"href":"https:\/\/wandering.eu\/de\/wp-json\/wp\/v2\/comments?post=405"}],"version-history":[{"count":9,"href":"https:\/\/wandering.eu\/de\/wp-json\/wp\/v2\/posts\/405\/revisions"}],"predecessor-version":[{"id":416,"href":"https:\/\/wandering.eu\/de\/wp-json\/wp\/v2\/posts\/405\/revisions\/416"}],"wp:attachment":[{"href":"https:\/\/wandering.eu\/de\/wp-json\/wp\/v2\/media?parent=405"}],"wp:term":[{"taxonomy":"category","embeddable":true,"href":"https:\/\/wandering.eu\/de\/wp-json\/wp\/v2\/categories?post=405"},{"taxonomy":"post_tag","embeddable":true,"href":"https:\/\/wandering.eu\/de\/wp-json\/wp\/v2\/tags?post=405"}],"curies":[{"name":"wp","href":"https:\/\/api.w.org\/{rel}","templated":true}]}}